{"id":1250,"date":"2026-09-04T10:41:37","date_gmt":"2026-09-04T10:41:37","guid":{"rendered":"https:\/\/www.iidia.org\/?p=1250"},"modified":"2026-09-04T10:41:40","modified_gmt":"2026-09-04T10:41:40","slug":"explore-mtl-connecte-2026-pour-un-numerique-inclusif","status":"publish","type":"post","link":"https:\/\/www.iidia.org\/fr\/explore-mtl-connecte-2026-pour-un-numerique-inclusif\/","title":{"rendered":"Explore MTL Connecte 2026 : POUR UN NUM\u00c9RIQUE INCLUSIF"},"content":{"rendered":"<figure class=\"wp-block-image size-large is-resized\"><img data-recalc-dims=\"1\" loading=\"lazy\" decoding=\"async\" width=\"1024\" height=\"585\" src=\"https:\/\/i0.wp.com\/www.iidia.org\/wp-content\/uploads\/2026\/09\/image.png?resize=1024%2C585&#038;ssl=1\" alt=\"\" class=\"wp-image-1251\" style=\"aspect-ratio:1.75;width:602px;height:auto\" srcset=\"https:\/\/i0.wp.com\/www.iidia.org\/wp-content\/uploads\/2026\/09\/image.png?resize=1024%2C585&amp;ssl=1 1024w, https:\/\/i0.wp.com\/www.iidia.org\/wp-content\/uploads\/2026\/09\/image.png?resize=300%2C171&amp;ssl=1 300w, https:\/\/i0.wp.com\/www.iidia.org\/wp-content\/uploads\/2026\/09\/image.png?resize=18%2C10&amp;ssl=1 18w, https:\/\/i0.wp.com\/www.iidia.org\/wp-content\/uploads\/2026\/09\/image.png?resize=767%2C438&amp;ssl=1 767w, https:\/\/i0.wp.com\/www.iidia.org\/wp-content\/uploads\/2026\/09\/image.png?w=1225&amp;ssl=1 1225w\" sizes=\"auto, (max-width: 1024px) 100vw, 1024px\" \/><\/figure>\n\n\n\n<p class=\"wp-block-paragraph\"><strong>Nous soutenons Explore MTL connecte pour contribuer \u00e0 un num\u00e9rique inclusif et accessible \u00e0 tous.<\/strong><\/p>\n\n\n\n<p class=\"wp-block-paragraph\"><strong>Port\u00e9 par le Printemps num\u00e9rique depuis 2020, le programme Explore MTL connecte revient dans le cadre de la 8\u1d49 \u00e9dition de MTL connecte : la Semaine num\u00e9rique de Montr\u00e9al, qui se tiendra du 13 au 16 octobre 2026.<\/strong><\/p>\n\n\n\n<p class=\"wp-block-paragraph\">Ce programme 100 % gratuit et <strong>en ligne<\/strong> offre aux jeunes de 18 \u00e0 35 ans issus de pays en d\u00e9veloppement un acc\u00e8s privil\u00e9gi\u00e9 \u00e0 l&#8217;un des \u00e9v\u00e9nements num\u00e9riques les plus influents du monde francophone.<\/p>\n\n\n\n<p class=\"wp-block-paragraph\">Les inscriptions sont d\u00e9sormais ouvertes.&nbsp;<\/p>\n\n\n\n<p class=\"wp-block-paragraph\">Inscris-toi gratuitement ici<\/p>\n\n\n\n<p class=\"wp-block-paragraph\"><strong>Un programme con\u00e7u pour les prochains leaders du num\u00e9rique<\/strong><\/p>\n\n\n\n<p class=\"wp-block-paragraph\">Explore MTL connecte s&#8217;adresse aux jeunes de 18 \u00e0 35 ans r\u00e9sidant dans un pays en d\u00e9veloppement (Afrique, Asie, Am\u00e9rique latine, Cara\u00efbes), qu&#8217;ils soient entrepreneurs, universitaires, chercheurs ou professionnels en d\u00e9but de carri\u00e8re, avec un int\u00e9r\u00eat fort pour les technologies \u00e9mergentes.<\/p>\n\n\n\n<p class=\"wp-block-paragraph\">Une attention particuli\u00e8re est accord\u00e9e \u00e0 la participation des jeunes femmes en technologie et des jeunes issus de pays francophones, dans une d\u00e9marche r\u00e9solument inclusive.<\/p>\n\n\n\n<h3 class=\"wp-block-heading\"><strong>Ce que vous obtenez en participant :<\/strong><\/h3>\n\n\n\n<p class=\"wp-block-paragraph\">Les participants b\u00e9n\u00e9ficieront de :<\/p>\n\n\n\n<ul class=\"wp-block-list\">\n<li>Acc\u00e8s gratuit 100% en ligne \u00e0 des conf\u00e9rences et panels anim\u00e9s par des experts internationaux<\/li>\n\n\n\n<li>Sessions th\u00e9matiques explorant\u00a0 l&#8217;intelligence artificielle, la cybers\u00e9curit\u00e9, la cr\u00e9ativit\u00e9 num\u00e9rique et territoire et humanit\u00e9 (\u00e9ducation, sant\u00e9\u2026)<\/li>\n\n\n\n<li>Sessions exclusives con\u00e7ues sp\u00e9cifiquement pour les participants du programme<\/li>\n\n\n\n<li>Acc\u00e8s \u00e0 la plateforme de networking de MTL connecte pour \u00e9changer et faciliter le d\u00e9veloppement de collaborations \u00e0 l&#8217;international<\/li>\n\n\n\n<li>Possibilit\u00e9 d\u2019avoir un certificat officiel de participation\u00a0<\/li>\n<\/ul>\n\n\n\n<p class=\"wp-block-paragraph\"><strong>\u00c0 qui \u00e7a s\u2019adresse ?<\/strong><\/p>\n\n\n\n<p class=\"wp-block-paragraph\">Les participant\u00b7es doivent :<\/p>\n\n\n\n<ul class=\"wp-block-list\">\n<li>\u00catre \u00e2g\u00e9s de 18 \u00e0 35 ans<\/li>\n\n\n\n<li>\u00catre entrepreneur, universitaire, \u00e9tudiant en \u00e9cole technique ou chercheur<\/li>\n\n\n\n<li>D\u00e9montrer une formation ou un int\u00e9r\u00eat pour les technologies d\u2019avenir<\/li>\n\n\n\n<li>R\u00e9sider dans un pays en d\u00e9veloppement<br><\/li>\n<\/ul>\n\n\n\n<h4 class=\"wp-block-heading\"><strong>Pourquoi participer ?<\/strong><\/h4>\n\n\n\n<p class=\"wp-block-paragraph\">MTL connecte rassemble chaque ann\u00e9e des milliers d&#8217;entrepreneurs, de chercheurs, de d\u00e9cideurs, et d&#8217;acteurs d\u2019industries autour des grandes tendances du num\u00e9rique. Gr\u00e2ce au programme Explore MTL connecte, cette exp\u00e9rience devient accessible \u00e0 tous, sans frais et sans fronti\u00e8res.<\/p>\n\n\n\n<p class=\"wp-block-paragraph\">\ud83d\uddd3\ufe0f Du 13 au 16 octobre 2026 \u2013 En ligne<\/p>\n\n\n\n<p class=\"wp-block-paragraph\">\ud83d\udc49 <strong>Inscris-toi gratuitement ici<\/strong> &nbsp;<\/p>\n\n\n\n<p class=\"wp-block-paragraph\"><\/p>","protected":false},"excerpt":{"rendered":"<p>Nous soutenons Explore MTL connecte pour contribuer \u00e0 un num\u00e9rique inclusif et accessible \u00e0 tous. Port\u00e9 par le Printemps num\u00e9rique depuis 2020, le programme Explore MTL connecte revient dans le cadre de la 8\u1d49&#8230;<\/p>","protected":false},"author":3,"featured_media":1251,"comment_status":"open","ping_status":"open","sticky":false,"template":"","format":"standard","meta":{"_jetpack_newsletter_access":"","_jetpack_dont_email_post_to_subs":false,"_jetpack_newsletter_tier_id":0,"_jetpack_memberships_contains_paywalled_content":false,"_jetpack_memberships_contains_paid_content":false,"footnotes":""},"categories":[15],"tags":[],"class_list":["post-1250","post","type-post","status-publish","format-standard","has-post-thumbnail","category-article"],"jetpack_sharing_enabled":true,"jetpack_featured_media_url":"https:\/\/i0.wp.com\/www.iidia.org\/wp-content\/uploads\/2026\/09\/image.png?fit=1225%2C700&ssl=1","_links":{"self":[{"href":"https:\/\/www.iidia.org\/fr\/wp-json\/wp\/v2\/posts\/1250","targetHints":{"allow":["GET"]}}],"collection":[{"href":"https:\/\/www.iidia.org\/fr\/wp-json\/wp\/v2\/posts"}],"about":[{"href":"https:\/\/www.iidia.org\/fr\/wp-json\/wp\/v2\/types\/post"}],"author":[{"embeddable":true,"href":"https:\/\/www.iidia.org\/fr\/wp-json\/wp\/v2\/users\/3"}],"replies":[{"embeddable":true,"href":"https:\/\/www.iidia.org\/fr\/wp-json\/wp\/v2\/comments?post=1250"}],"version-history":[{"count":1,"href":"https:\/\/www.iidia.org\/fr\/wp-json\/wp\/v2\/posts\/1250\/revisions"}],"predecessor-version":[{"id":1252,"href":"https:\/\/www.iidia.org\/fr\/wp-json\/wp\/v2\/posts\/1250\/revisions\/1252"}],"wp:featuredmedia":[{"embeddable":true,"href":"https:\/\/www.iidia.org\/fr\/wp-json\/wp\/v2\/media\/1251"}],"wp:attachment":[{"href":"https:\/\/www.iidia.org\/fr\/wp-json\/wp\/v2\/media?parent=1250"}],"wp:term":[{"taxonomy":"category","embeddable":true,"href":"https:\/\/www.iidia.org\/fr\/wp-json\/wp\/v2\/categories?post=1250"},{"taxonomy":"post_tag","embeddable":true,"href":"https:\/\/www.iidia.org\/fr\/wp-json\/wp\/v2\/tags?post=1250"}],"curies":[{"name":"wp","href":"https:\/\/api.w.org\/{rel}","templated":true}]}}